[{"@context":"https:\/\/schema.org\/","@type":"Article","@id":"https:\/\/www.stuzam.cz\/more-pamatky-dozravajici-ovoce\/#Article","mainEntityOfPage":"https:\/\/www.stuzam.cz\/more-pamatky-dozravajici-ovoce\/","headline":"Mo\u0159e, pam\u00e1tky, dozr\u00e1vaj\u00edc\u00ed ovoce","name":"Mo\u0159e, pam\u00e1tky, dozr\u00e1vaj\u00edc\u00ed ovoce","description":"Mo\u0159e je odjak\u017eiva obrovsk\u00fdm l\u00e1kadlem pro mnoho \u010cech\u016f. Je to jist\u011b d\u00e1no t\u00edm, \u017ee ho tu prost\u011b nem\u00e1me. Ka\u017ed\u00fd v\u017edy tou\u017e\u00ed po tom, co je pro n\u011bho nedosa\u017eiteln\u00e9. Obyvatel\u00e9 Spojen\u00fdch St\u00e1t\u016f jsou zase uneseni na\u0161imi st\u0159edov\u011bk\u00fdmi pam\u00e1tkami. Oni je toti\u017e m\u00edt ani nemohou. V dob\u011b, kdy slavn\u00fd mo\u0159eplavec Kry\u0161tof Kolumbus p\u0159iplouval ke b\u0159eh\u016fm nov\u00e9ho kontinentu,&hellip;<p class=\"more-link\"><a href=\"https:\/\/www.stuzam.cz\/more-pamatky-dozravajici-ovoce\/\" class=\"themebutton\">Read More<\/a><\/p>","datePublished":"2018-09-10","dateModified":"2018-09-10","author":{"@type":"Person","@id":"https:\/\/www.stuzam.cz\/author\/#Person","name":"","url":"https:\/\/www.stuzam.cz\/author\/","identifier":1,"image":{"@type":"ImageObject","@id":"https:\/\/secure.gravatar.com\/avatar\/c4e504508c75b610a351629e223ddd0c5b7858df84b2b7deedc4e007bdf99fc8?s=96&d=mm&r=g","url":"https:\/\/secure.gravatar.com\/avatar\/c4e504508c75b610a351629e223ddd0c5b7858df84b2b7deedc4e007bdf99fc8?s=96&d=mm&r=g","height":96,"width":96}},"publisher":{"@type":"Organization","name":"stuzam.cz","logo":{"@type":"ImageObject","@id":"\/logo.png","url":"\/logo.png","width":600,"height":60}},"image":{"@type":"ImageObject","@id":"https:\/\/www.stuzam.cz\/wp-content\/uploads\/img_a329375_w2676_t1541853271.jpg","url":"https:\/\/www.stuzam.cz\/wp-content\/uploads\/img_a329375_w2676_t1541853271.jpg","height":0,"width":0},"url":"https:\/\/www.stuzam.cz\/more-pamatky-dozravajici-ovoce\/","wordCount":407,"articleBody":"\tMo\u0159e je odjak\u017eiva obrovsk\u00fdm l\u00e1kadlem pro mnoho \u010cech\u016f. Je to jist\u011b d\u00e1no t\u00edm, \u017ee ho tu prost\u011b nem\u00e1me. Ka\u017ed\u00fd v\u017edy tou\u017e\u00ed po tom, co je pro n\u011bho nedosa\u017eiteln\u00e9. Obyvatel\u00e9 Spojen\u00fdch St\u00e1t\u016f jsou zase uneseni na\u0161imi st\u0159edov\u011bk\u00fdmi pam\u00e1tkami. Oni je toti\u017e m\u00edt ani nemohou. V dob\u011b, kdy slavn\u00fd mo\u0159eplavec Kry\u0161tof Kolumbus p\u0159iplouval ke b\u0159eh\u016fm nov\u00e9ho kontinentu, u\u017e si na\u0161i kr\u00e1lov\u00e9 sto pades\u00e1t let vy\u0161lapovali po Karl\u0161tejn\u011b.\t\t\u00b7\u00a0\u00a0\u00a0\u00a0\u00a0\u00a0\u00a0 Ka\u017ed\u00fd nem\u016f\u017ee m\u00edt v\u0161echno.\t\u00b7\u00a0\u00a0\u00a0\u00a0\u00a0\u00a0\u00a0 A tak m\u00e1me pam\u00e1tky a za slanou vodou se mus\u00edme vydat n\u011bkam jinam.\tJedn\u00edm z nejnav\u0161t\u011bvovan\u011bj\u0161\u00edch m\u00edst je ur\u010dit\u011b Chorvatsko. \u00da\u017easn\u00e9 u t\u011bchto p\u0159\u00edmo\u0159sk\u00fdch destinac\u00ed je to, \u017ee se sem m\u016f\u017eete v\u011bt\u0161inou vydat i na podzim a rozhodn\u011b nebudete litovat. Naopak.\t&#8211;\u00a0\u00a0\u00a0\u00a0\u00a0\u00a0\u00a0\u00a0 Pl\u00e1\u017ee u\u017e nebudou p\u0159epln\u011bn\u00e9, a pr\u00e1v\u011b v toto obdob\u00ed za\u010d\u00edn\u00e1 dozr\u00e1vat ovoce.\t&#8211;\u00a0\u00a0\u00a0\u00a0\u00a0\u00a0\u00a0\u00a0 Jestli\u017ee roste voln\u011b, m\u016f\u017eete si utrhnout.\t&#8211;\u00a0\u00a0\u00a0\u00a0\u00a0\u00a0\u00a0\u00a0 Nap\u0159\u00edklad f\u00edky p\u0159\u00edmo ze stromu jsou n\u011bco docela jin\u00e9ho ne\u017eli ty balen\u00e9 ze supermarketu.\t\tArchitektura, kter\u00e1 bere dechJestli\u017ee se do Chorvatska vyd\u00e1te v z\u00e1\u0159\u00ed, pak po\u010d\u00edtejte s velice p\u0159\u00edjemn\u00fdmi teplotami okolo \u0161estadvaceti stup\u0148\u016f. Hled\u00e1te nejbli\u017e\u0161\u00ed m\u00edsto, abyste nemuseli harcovat p\u0159\u00edli\u0161 daleko? Pak se p\u0159\u00edmo nab\u00edz\u00ed Pore\u010d.\u00b7\u00a0\u00a0\u00a0\u00a0\u00a0\u00a0\u00a0\u00a0 Jedn\u00e1 se o nejobl\u00edben\u011bj\u0161\u00ed letovisko na ostrov\u011b Istrie.\u00b7\u00a0\u00a0\u00a0\u00a0\u00a0\u00a0\u00a0\u00a0 Od n\u00e1s je to zhruba sedm set kilometr\u016f.Ale u\u017e v z\u00e1\u0159\u00ed mus\u00edte trochu po\u010d\u00edtat i s t\u00edm, \u017ee se do\u010dk\u00e1te i de\u0161tiv\u00e9ho dne. Rozhodn\u011b se nudit nebudete. Tu historii m\u00e1me toti\u017e s touto zem\u00ed tak trochu spole\u010dnou. Tak\u00e9 se tu za\u010dalo budovat velice brzy. A rozhodn\u011b si nemyslete, \u017ee tu najdete to sam\u00e9, co u n\u00e1s, tud\u00ed\u017e to bude nezaj\u00edmav\u00e9. Tady tvo\u0159ili jin\u00ed stavitel\u00e9, a tak se architektura od t\u00e9 na\u0161\u00ed velice odli\u0161uje. No, uvid\u00edte sami.&#8211;\u00a0\u00a0\u00a0\u00a0\u00a0\u00a0\u00a0\u00a0 A\u017e nav\u0161t\u00edv\u00edte rom\u00e1nskou Eufr\u00e1ziovu baziliku, kter\u00e1 byla postavena u\u017e v \u0161est\u00e9m stolet\u00ed, pak v\u00e1m bude jasn\u00e9, o \u010dem byla \u0159e\u010d.&#8211;\u00a0\u00a0\u00a0\u00a0\u00a0\u00a0\u00a0\u00a0 Nic podobn\u00e9ho u n\u00e1s pravd\u011bpodobn\u011b nem\u00e1me.&#8211;\u00a0\u00a0\u00a0\u00a0\u00a0\u00a0\u00a0\u00a0 Pr\u00e1vem byla zaps\u00e1na i na seznam sv\u011btov\u00e9ho d\u011bdictv\u00ed UNESCO.                                                                                                                                                                                                                                                                                                                                                                                        4\/5 - (1 vote)        "},{"@context":"https:\/\/schema.org\/","@type":"BreadcrumbList","itemListElement":[{"@type":"ListItem","position":1,"name":"Mo\u0159e, pam\u00e1tky, dozr\u00e1vaj\u00edc\u00ed ovoce","item":"https:\/\/www.stuzam.cz\/more-pamatky-dozravajici-ovoce\/#breadcrumbitem"}]}]