[{"@context":"https:\/\/schema.org\/","@type":"Article","@id":"https:\/\/www.stuzam.cz\/zdrave-zuby-vas-ochrani-pred-alzheimerem\/#Article","mainEntityOfPage":"https:\/\/www.stuzam.cz\/zdrave-zuby-vas-ochrani-pred-alzheimerem\/","headline":"Zdrav\u00e9 zuby v\u00e1s ochr\u00e1n\u00ed p\u0159ed Alzheimerem","name":"Zdrav\u00e9 zuby v\u00e1s ochr\u00e1n\u00ed p\u0159ed Alzheimerem","description":"Spr\u00e1vn\u00ed \u00fastn\u00ed hygiena je d\u016fle\u017eit\u00e1 nejen z pohledu pr\u00e1v\u011b zub\u016f. \u0160patn\u011b nebo v\u016fbec \u010di\u0161t\u011bn\u00e9 zuby jsou pokryty plakem, kter\u00fd se n\u00e1sledn\u011b m\u011bn\u00ed na zubn\u00ed k\u00e1men a ten m\u016f\u017ee postupn\u011b vyvolat z\u00e1n\u011bt d\u00e1sn\u00ed a\u017e parodontitidu. Za t\u00edm stoj\u00ed bakterie, kter\u00e9 se v plaku nach\u00e1z\u00ed a nez\u016fst\u00e1vaj\u00ed pr\u00e1v\u011b jen v \u00fastech. Podle nejnov\u011bj\u0161\u00ed studie se mohou tyto&hellip;<p class=\"more-link\"><a href=\"https:\/\/www.stuzam.cz\/zdrave-zuby-vas-ochrani-pred-alzheimerem\/\" class=\"themebutton\">Read More<\/a><\/p>","datePublished":"2019-06-13","dateModified":"2023-04-29","author":{"@type":"Person","@id":"https:\/\/www.stuzam.cz\/author\/#Person","name":"","url":"https:\/\/www.stuzam.cz\/author\/","identifier":1,"image":{"@type":"ImageObject","@id":"https:\/\/secure.gravatar.com\/avatar\/c4e504508c75b610a351629e223ddd0c5b7858df84b2b7deedc4e007bdf99fc8?s=96&d=mm&r=g","url":"https:\/\/secure.gravatar.com\/avatar\/c4e504508c75b610a351629e223ddd0c5b7858df84b2b7deedc4e007bdf99fc8?s=96&d=mm&r=g","height":96,"width":96}},"publisher":{"@type":"Organization","name":"stuzam.cz","logo":{"@type":"ImageObject","@id":"\/logo.png","url":"\/logo.png","width":600,"height":60}},"image":{"@type":"ImageObject","@id":"https:\/\/www.stuzam.cz\/wp-content\/uploads\/img_a347026_w2775_t1561232017.jpg","url":"https:\/\/www.stuzam.cz\/wp-content\/uploads\/img_a347026_w2775_t1561232017.jpg","height":0,"width":0},"url":"https:\/\/www.stuzam.cz\/zdrave-zuby-vas-ochrani-pred-alzheimerem\/","about":["Zdrav\u00ed"],"wordCount":412,"articleBody":"Spr\u00e1vn\u00ed \u00fastn\u00ed hygiena je d\u016fle\u017eit\u00e1 nejen z pohledu pr\u00e1v\u011b zub\u016f. \u0160patn\u011b nebo v\u016fbec \u010di\u0161t\u011bn\u00e9 zuby jsou pokryty plakem, kter\u00fd se n\u00e1sledn\u011b m\u011bn\u00ed na zubn\u00ed k\u00e1men a ten m\u016f\u017ee postupn\u011b vyvolat z\u00e1n\u011bt d\u00e1sn\u00ed a\u017e parodontitidu. Za t\u00edm stoj\u00ed bakterie, kter\u00e9 se v plaku nach\u00e1z\u00ed a nez\u016fst\u00e1vaj\u00ed pr\u00e1v\u011b jen v \u00fastech.\tPodle nejnov\u011bj\u0161\u00ed studie se mohou tyto bakterie dostat a\u017e do mozku, kde vyr\u00e1b\u011bj\u00ed protein, kter\u00fd ni\u010d\u00ed nervov\u00e9 bu\u0148ky. V\u00fdsledkem pak je, \u017ee doch\u00e1z\u00ed ke ztr\u00e1t\u011b pam\u011bti, a to a\u017e k rozvoji zn\u00e1m\u00e9 Alzheimerovy choroby.\tPro sv\u00e9 tvrzen\u00ed m\u00e1 v\u00fdzkum potvrzen\u00e9 informace tak, \u017ee zm\u00edn\u011bn\u00fd protein nalezl u 96 procent pacient\u016f, trp\u00edc\u00edch touto chorobou. D\u00e1le ale v\u011bdci upozor\u0148uj\u00ed na to, \u017ee bakterie jako takov\u00e1 nezp\u016fsobuje tuto nemoc, ale zna\u010dn\u011b zvy\u0161uje riziko pr\u00e1v\u011b bujen\u00ed t\u00e9to nemoci a ke v\u0161emu ovliv\u0148uje rychlost a intenzitu, jakou se nemoc \u0161\u00ed\u0159\u00ed.\tPodle autor\u016f studie je v\u0161ak dobrou zpr\u00e1vou, \u017ee riziko \u0161\u00ed\u0159en\u00ed t\u00e9to nemoci se d\u00e1 odd\u00e1lit p\u0159i pravideln\u00e9m \u010di\u0161t\u011bn\u00ed zub\u016f a pou\u017e\u00edv\u00e1n\u00ed zubn\u00ed nit\u011b. Spr\u00e1vn\u00ed hygiena \u00fast a pravideln\u00e9 n\u00e1v\u0161t\u011bvy zubn\u00edho l\u00e9ka\u0159e jsou t\u00edm nejd\u016fle\u017eit\u011bj\u0161\u00edm, co pro sebe v t\u00e9to v\u011bci m\u016f\u017eeme ud\u011blat.\t\tI tato studie podpo\u0159ila hled\u00e1n\u00ed cesty v boji proti t\u00e9to sta\u0159eck\u00e9 nemoci. D\u00edky t\u011bmto poznatk\u016fm toti\u017e p\u0159i\u0161li na l\u00e9k, kter\u00fd blokuje tyto zmi\u0148ovan\u00e9 \u0161kodliv\u00e9 enzymy vznikaj\u00edc\u00ed z t\u00e9to bakterie, a t\u00edm p\u00e1dem se jim da\u0159\u00ed blokovat rozvoj Alzheimera. B\u011bhem roku 2020 by m\u011bl b\u00fdt l\u00e9k otestov\u00e1n v praxi.\tNejen pol\u0161t\u00ed, ale i n\u011bme\u010dt\u00ed v\u011bdci se zab\u00fdvaj\u00ed t\u00edmto probl\u00e9mem. N\u011bmeck\u00e9 studie dokazuj\u00ed, \u017ee ji\u017e zm\u011bny hladiny b\u00edlkovin v krvi mohou odhalit pr\u00e1v\u011b po\u0161kozen\u00ed mozku, kter\u00e9 se objev\u00ed t\u0159eba ji\u017e deset let p\u0159ed evidentn\u00edm propuknut\u00edm t\u00e9to choroby.\tMo\u017en\u00e1 se v\u00e1m ve\u010der nebudou cht\u00edt \u010distit zuby, ale nyn\u00ed ji\u017e v\u00edte, \u017ee rozhodnut\u00ed o tom, \u017ee si je vy\u010dist\u00edte m\u016f\u017ee zabr\u00e1nit budouc\u00edmu rozvoji demence a Alzheimerovy choroby. Myslete na to, ne\u017e p\u016fjdete sp\u00e1t!                                                                                                                                                                                                                                                                                                                                                                                        3.4\/5 - (9 votes)        "},{"@context":"https:\/\/schema.org\/","@type":"BreadcrumbList","itemListElement":[{"@type":"ListItem","position":1,"name":"Zdrav\u00e9 zuby v\u00e1s ochr\u00e1n\u00ed p\u0159ed Alzheimerem","item":"https:\/\/www.stuzam.cz\/zdrave-zuby-vas-ochrani-pred-alzheimerem\/#breadcrumbitem"}]}]